{"id":14154,"date":"2026-03-05T15:15:43","date_gmt":"2026-03-05T15:15:43","guid":{"rendered":"https:\/\/resfmradio.com\/?p=14154"},"modified":"2026-03-04T15:57:52","modified_gmt":"2026-03-04T15:57:52","slug":"danza-futura-anuncia-cartaz-completo-2","status":"publish","type":"post","link":"https:\/\/resfmradio.com\/index.php\/2026\/03\/05\/danza-futura-anuncia-cartaz-completo-2\/","title":{"rendered":"Danza Futura anuncia cartaz completo"},"content":{"rendered":"<p>A organiza\u00e7\u00e3o do evento j\u00e1 divulgou nas redes sociais os nomes de Andre Dias,ASEC,N\u00f8rbak vs Temudo,Phara e Vera Grace,que s\u00e3o as \u00faltimas confirma\u00e7\u00f5es para a edi\u00e7\u00e3o de 2026.<\/p>\n<p>O Danza Futura acontece em Viana do Castelo nos dias doze e treze de junho.\u00a0A estes nomes juntam-se os j\u00e1 confirmados Adriana Lopez,Blasha &amp; Allatt,Border One,Gigi FM,Oscar Mulero entre outros.<\/p>\n<p>&nbsp;<\/p>\n","protected":false},"excerpt":{"rendered":"<p>A organiza\u00e7\u00e3o do evento j\u00e1 divulgou nas redes sociais os nomes de Andre Dias,ASEC,N\u00f8rbak vs Temudo,Phara e Vera Grace,que s\u00e3o as \u00faltimas confirma\u00e7\u00f5es para a edi\u00e7\u00e3o de 2026. O Danza Futura acontece em Viana do Castelo nos dias doze e treze de junho.\u00a0A estes nomes juntam-se os j\u00e1 confirmados Adriana ...<\/p>\n","protected":false},"author":3,"featured_media":14155,"comment_status":"open","ping_status":"open","sticky":false,"template":"","format":"standard","meta":{"footnotes":""},"categories":[82,7],"tags":[],"class_list":["post-14154","post","type-post","status-publish","format-standard","has-post-thumbnail","hentry","category-festival","category-lifestyle"],"_links":{"self":[{"href":"https:\/\/resfmradio.com\/index.php\/wp-json\/wp\/v2\/posts\/14154","targetHints":{"allow":["GET"]}}],"collection":[{"href":"https:\/\/resfmradio.com\/index.php\/wp-json\/wp\/v2\/posts"}],"about":[{"href":"https:\/\/resfmradio.com\/index.php\/wp-json\/wp\/v2\/types\/post"}],"author":[{"embeddable":true,"href":"https:\/\/resfmradio.com\/index.php\/wp-json\/wp\/v2\/users\/3"}],"replies":[{"embeddable":true,"href":"https:\/\/resfmradio.com\/index.php\/wp-json\/wp\/v2\/comments?post=14154"}],"version-history":[{"count":1,"href":"https:\/\/resfmradio.com\/index.php\/wp-json\/wp\/v2\/posts\/14154\/revisions"}],"predecessor-version":[{"id":14156,"href":"https:\/\/resfmradio.com\/index.php\/wp-json\/wp\/v2\/posts\/14154\/revisions\/14156"}],"wp:featuredmedia":[{"embeddable":true,"href":"https:\/\/resfmradio.com\/index.php\/wp-json\/wp\/v2\/media\/14155"}],"wp:attachment":[{"href":"https:\/\/resfmradio.com\/index.php\/wp-json\/wp\/v2\/media?parent=14154"}],"wp:term":[{"taxonomy":"category","embeddable":true,"href":"https:\/\/resfmradio.com\/index.php\/wp-json\/wp\/v2\/categories?post=14154"},{"taxonomy":"post_tag","embeddable":true,"href":"https:\/\/resfmradio.com\/index.php\/wp-json\/wp\/v2\/tags?post=14154"}],"curies":[{"name":"wp","href":"https:\/\/api.w.org\/{rel}","templated":true}]}}