{"id":12640,"date":"2025-02-19T09:09:22","date_gmt":"2025-02-19T09:09:22","guid":{"rendered":"https:\/\/resfmradio.com\/?p=12640"},"modified":"2025-02-18T14:43:47","modified_gmt":"2025-02-18T14:43:47","slug":"cancelado","status":"publish","type":"post","link":"https:\/\/resfmradio.com\/index.php\/2025\/02\/19\/cancelado\/","title":{"rendered":"Cancelado"},"content":{"rendered":"<p>A edi\u00e7\u00e3o deste ano do North Festival,prevista para maio no Porto,foi cancelada. Problemas internos relacionados com a autoriza\u00e7\u00e3o de ced\u00eancia do recinto,anunciou a organiza\u00e7\u00e3o.<\/p>\n<p>Ap\u00f3s cinco edi\u00e7\u00f5es na Alfandega do Porto e no Parque de Serralves,este ano o festival deveria acontecer no Est\u00e1dio do Bessa,nos dias 23,24 e 25 de maio,e tinha j\u00e1 confirmadas actua\u00e7\u00f5es.<\/p>\n<p>A organiza\u00e7\u00e3o mostra-se &#8220;desolada com a situa\u00e7\u00e3o&#8221;,por ter sido &#8220;obrigada a tomar uma decis\u00e3o dif\u00edcil&#8221;,&#8221;ap\u00f3s longos meses de trabalho&#8221;.<\/p>\n<p>Os bilhetes j\u00e1 comprados para o festival &#8220;continuar\u00e3o v\u00e1lidos para os novos espet\u00e1culos&#8221;. Entretanto,a promotora Vibes &amp; Beats acrescenta que j\u00e1 est\u00e1 a trabalhar na edi\u00e7\u00e3o de 2026 do North Festival.<\/p>\n","protected":false},"excerpt":{"rendered":"<p>A edi\u00e7\u00e3o deste ano do North Festival,prevista para maio no Porto,foi cancelada. Problemas internos relacionados com a autoriza\u00e7\u00e3o de ced\u00eancia do recinto,anunciou a organiza\u00e7\u00e3o. Ap\u00f3s cinco edi\u00e7\u00f5es na Alfandega do Porto e no Parque de Serralves,este ano o festival deveria acontecer no Est\u00e1dio do Bessa,nos dias 23,24 e 25 de ...<\/p>\n","protected":false},"author":3,"featured_media":12641,"comment_status":"open","ping_status":"open","sticky":false,"template":"","format":"standard","meta":{"footnotes":""},"categories":[82,7],"tags":[],"class_list":["post-12640","post","type-post","status-publish","format-standard","has-post-thumbnail","hentry","category-festival","category-lifestyle"],"_links":{"self":[{"href":"https:\/\/resfmradio.com\/index.php\/wp-json\/wp\/v2\/posts\/12640","targetHints":{"allow":["GET"]}}],"collection":[{"href":"https:\/\/resfmradio.com\/index.php\/wp-json\/wp\/v2\/posts"}],"about":[{"href":"https:\/\/resfmradio.com\/index.php\/wp-json\/wp\/v2\/types\/post"}],"author":[{"embeddable":true,"href":"https:\/\/resfmradio.com\/index.php\/wp-json\/wp\/v2\/users\/3"}],"replies":[{"embeddable":true,"href":"https:\/\/resfmradio.com\/index.php\/wp-json\/wp\/v2\/comments?post=12640"}],"version-history":[{"count":4,"href":"https:\/\/resfmradio.com\/index.php\/wp-json\/wp\/v2\/posts\/12640\/revisions"}],"predecessor-version":[{"id":12645,"href":"https:\/\/resfmradio.com\/index.php\/wp-json\/wp\/v2\/posts\/12640\/revisions\/12645"}],"wp:featuredmedia":[{"embeddable":true,"href":"https:\/\/resfmradio.com\/index.php\/wp-json\/wp\/v2\/media\/12641"}],"wp:attachment":[{"href":"https:\/\/resfmradio.com\/index.php\/wp-json\/wp\/v2\/media?parent=12640"}],"wp:term":[{"taxonomy":"category","embeddable":true,"href":"https:\/\/resfmradio.com\/index.php\/wp-json\/wp\/v2\/categories?post=12640"},{"taxonomy":"post_tag","embeddable":true,"href":"https:\/\/resfmradio.com\/index.php\/wp-json\/wp\/v2\/tags?post=12640"}],"curies":[{"name":"wp","href":"https:\/\/api.w.org\/{rel}","templated":true}]}}